{"id":83,"date":"2016-08-01T11:07:54","date_gmt":"2016-08-01T11:07:54","guid":{"rendered":"http:\/\/88.12.48.28\/webs\/interoleo\/web\/?p=83"},"modified":"2016-08-01T11:33:23","modified_gmt":"2016-08-01T11:33:23","slug":"nadal-imagen-internacional-del-aceite-oliva","status":"publish","type":"post","link":"https:\/\/www.interoleo.com\/en\/nadal-imagen-internacional-del-aceite-oliva\/","title":{"rendered":"Nadal, imagen internacional del aceite de oliva"},"content":{"rendered":"<p>Desde marzo, el que es uno de los mejores deportistas espa\u00f1oles de todos los tiempos -s\u00f3lo comparable con figuras como Pau Gasol; Xavi Hern\u00e1ndez; Iker Casillas o Miguel Indur\u00e1in, es la imagen para los mercados internacionales de alimentos como el aceite de oliva o el jam\u00f3n.<\/p>\n<p>El tenista manacor\u00ed, dado el inmenso grado de conocimiento mundial que tiene, abre puertas por s\u00ed solo a cualquier producto. De hecho, es un objeto codiciado por grandes marcas para mejorar su promoci\u00f3n. Nadal acept\u00f3 ser embajador a petici\u00f3n del Ministerio de Agricultura y protagonizar una campa\u00f1a de promoci\u00f3n de los alimentos espa\u00f1oles.<br \/>\n<img decoding=\"async\" class=\"size-medium wp-image-84 aligncenter\" src=\"http:\/\/88.12.48.28\/webs\/interoleo\/web\/wp-content\/uploads\/2016\/08\/Nadal-Aceite-de-Oliva-300x155.jpg\" alt=\"Nadal, imagen internacional del aceite de oliva\" width=\"300\" height=\"155\" srcset=\"https:\/\/www.interoleo.com\/wp-content\/uploads\/2016\/08\/Nadal-Aceite-de-Oliva-300x155.jpg 300w, https:\/\/www.interoleo.com\/wp-content\/uploads\/2016\/08\/Nadal-Aceite-de-Oliva-600x311.jpg 600w, https:\/\/www.interoleo.com\/wp-content\/uploads\/2016\/08\/Nadal-Aceite-de-Oliva-768x398.jpg 768w, https:\/\/www.interoleo.com\/wp-content\/uploads\/2016\/08\/Nadal-Aceite-de-Oliva.jpg 965w\" sizes=\"(max-width: 300px) 100vw, 300px\" \/><\/p>\n","protected":false},"excerpt":{"rendered":"<p>Desde marzo, el que es uno de los mejores deportistas espa\u00f1oles de todos los tiempos -s\u00f3lo comparable con figuras como Pau Gasol; Xavi Hern\u00e1ndez; Iker Casillas o Miguel Indur\u00e1in, es la imagen para los mercados internacionales de alimentos como el aceite de oliva o el jam\u00f3n. El tenista manacor\u00ed, dado el inmenso grado de conocimiento &hellip; <\/p>\n<p class=\"link-more\"><a href=\"https:\/\/www.interoleo.com\/en\/nadal-imagen-internacional-del-aceite-oliva\/\" class=\"more-link\">Read more<span class=\"screen-reader-text\"> &#8220;Nadal, imagen internacional del aceite de oliva&#8221;<\/span><\/a><\/p>\n","protected":false},"author":1,"featured_media":0,"comment_status":"closed","ping_status":"closed","sticky":false,"template":"","format":"standard","meta":{"jetpack_post_was_ever_published":false,"_jetpack_newsletter_access":"","_jetpack_dont_email_post_to_subs":false,"_jetpack_newsletter_tier_id":0,"_jetpack_memberships_contains_paywalled_content":false,"_jetpack_memberships_contains_paid_content":false,"footnotes":"","jetpack_publicize_message":"","jetpack_publicize_feature_enabled":true,"jetpack_social_post_already_shared":false,"jetpack_social_options":{"image_generator_settings":{"template":"highway","default_image_id":0,"font":"","enabled":false},"version":2}},"categories":[3],"tags":[],"class_list":["post-83","post","type-post","status-publish","format-standard","hentry","category-aceite-de-oliva"],"yoast_head":"<!-- This site is optimized with the Yoast SEO plugin v26.0 - https:\/\/yoast.com\/wordpress\/plugins\/seo\/ -->\n<title>Nadal, imagen internacional del aceite de oliva Inter\u00f3leo<\/title>\n<meta name=\"description\" content=\"Nadal, imagen internacional del aceite de oliva, ado el inmenso grado de conocimiento mundial que tiene, abre puertas por s\u00ed solo a cualquier producto\" \/>\n<meta name=\"robots\" content=\"index, follow, max-snippet:-1, max-image-preview:large, max-video-preview:-1\" \/>\n<link rel=\"canonical\" href=\"https:\/\/www.interoleo.com\/en\/nadal-imagen-internacional-del-aceite-oliva\/\" \/>\n<meta property=\"og:locale\" content=\"en_US\" \/>\n<meta property=\"og:type\" content=\"article\" \/>\n<meta property=\"og:title\" content=\"Nadal, imagen internacional del aceite de oliva Inter\u00f3leo\" \/>\n<meta property=\"og:description\" content=\"Nadal, imagen internacional del aceite de oliva, ado el inmenso grado de conocimiento mundial que tiene, abre puertas por s\u00ed solo a cualquier producto\" \/>\n<meta property=\"og:url\" content=\"https:\/\/www.interoleo.com\/en\/nadal-imagen-internacional-del-aceite-oliva\/\" \/>\n<meta property=\"og:site_name\" content=\"Grupo Inter\u00f3leo\" \/>\n<meta property=\"article:published_time\" content=\"2016-08-01T11:07:54+00:00\" \/>\n<meta property=\"article:modified_time\" content=\"2016-08-01T11:33:23+00:00\" \/>\n<meta property=\"og:image\" content=\"http:\/\/88.12.48.28\/webs\/interoleo\/web\/wp-content\/uploads\/2016\/08\/Nadal-Aceite-de-Oliva-300x155.jpg\" \/>\n<meta name=\"author\" content=\"admin\" \/>\n<meta name=\"twitter:card\" content=\"summary_large_image\" \/>\n<meta name=\"twitter:label1\" content=\"Written by\" \/>\n\t<meta name=\"twitter:data1\" content=\"admin\" \/>\n\t<meta name=\"twitter:label2\" content=\"Est. reading time\" \/>\n\t<meta name=\"twitter:data2\" content=\"1 minute\" \/>\n<script type=\"application\/ld+json\" class=\"yoast-schema-graph\">{\"@context\":\"https:\/\/schema.org\",\"@graph\":[{\"@type\":\"WebPage\",\"@id\":\"https:\/\/www.interoleo.com\/en\/nadal-imagen-internacional-del-aceite-oliva\/\",\"url\":\"https:\/\/www.interoleo.com\/en\/nadal-imagen-internacional-del-aceite-oliva\/\",\"name\":\"Nadal, imagen internacional del aceite de oliva Inter\u00f3leo\",\"isPartOf\":{\"@id\":\"https:\/\/www.interoleo.com\/en\/#website\"},\"primaryImageOfPage\":{\"@id\":\"https:\/\/www.interoleo.com\/en\/nadal-imagen-internacional-del-aceite-oliva\/#primaryimage\"},\"image\":{\"@id\":\"https:\/\/www.interoleo.com\/en\/nadal-imagen-internacional-del-aceite-oliva\/#primaryimage\"},\"thumbnailUrl\":\"http:\/\/88.12.48.28\/webs\/interoleo\/web\/wp-content\/uploads\/2016\/08\/Nadal-Aceite-de-Oliva-300x155.jpg\",\"datePublished\":\"2016-08-01T11:07:54+00:00\",\"dateModified\":\"2016-08-01T11:33:23+00:00\",\"author\":{\"@id\":\"https:\/\/www.interoleo.com\/en\/#\/schema\/person\/f99693fc38ce605f463dc5d58909df2a\"},\"description\":\"Nadal, imagen internacional del aceite de oliva, ado el inmenso grado de conocimiento mundial que tiene, abre puertas por s\u00ed solo a cualquier producto\",\"breadcrumb\":{\"@id\":\"https:\/\/www.interoleo.com\/en\/nadal-imagen-internacional-del-aceite-oliva\/#breadcrumb\"},\"inLanguage\":\"en-US\",\"potentialAction\":[{\"@type\":\"ReadAction\",\"target\":[\"https:\/\/www.interoleo.com\/en\/nadal-imagen-internacional-del-aceite-oliva\/\"]}]},{\"@type\":\"ImageObject\",\"inLanguage\":\"en-US\",\"@id\":\"https:\/\/www.interoleo.com\/en\/nadal-imagen-internacional-del-aceite-oliva\/#primaryimage\",\"url\":\"http:\/\/88.12.48.28\/webs\/interoleo\/web\/wp-content\/uploads\/2016\/08\/Nadal-Aceite-de-Oliva-300x155.jpg\",\"contentUrl\":\"http:\/\/88.12.48.28\/webs\/interoleo\/web\/wp-content\/uploads\/2016\/08\/Nadal-Aceite-de-Oliva-300x155.jpg\"},{\"@type\":\"BreadcrumbList\",\"@id\":\"https:\/\/www.interoleo.com\/en\/nadal-imagen-internacional-del-aceite-oliva\/#breadcrumb\",\"itemListElement\":[{\"@type\":\"ListItem\",\"position\":1,\"name\":\"Portada\",\"item\":\"https:\/\/www.interoleo.com\/en\/\"},{\"@type\":\"ListItem\",\"position\":2,\"name\":\"Nadal, imagen internacional del aceite de oliva\"}]},{\"@type\":\"WebSite\",\"@id\":\"https:\/\/www.interoleo.com\/en\/#website\",\"url\":\"https:\/\/www.interoleo.com\/en\/\",\"name\":\"Grupo Inter\u00f3leo\",\"description\":\"Grupo Inter\u00f3leo comercializador de aceite de oliva a granel\",\"potentialAction\":[{\"@type\":\"SearchAction\",\"target\":{\"@type\":\"EntryPoint\",\"urlTemplate\":\"https:\/\/www.interoleo.com\/en\/?s={search_term_string}\"},\"query-input\":{\"@type\":\"PropertyValueSpecification\",\"valueRequired\":true,\"valueName\":\"search_term_string\"}}],\"inLanguage\":\"en-US\"},{\"@type\":\"Person\",\"@id\":\"https:\/\/www.interoleo.com\/en\/#\/schema\/person\/f99693fc38ce605f463dc5d58909df2a\",\"name\":\"admin\",\"image\":{\"@type\":\"ImageObject\",\"inLanguage\":\"en-US\",\"@id\":\"https:\/\/www.interoleo.com\/en\/#\/schema\/person\/image\/\",\"url\":\"https:\/\/secure.gravatar.com\/avatar\/7e985868c8f2fc8c9b5e292d3d038423?s=96&d=mm&r=g\",\"contentUrl\":\"https:\/\/secure.gravatar.com\/avatar\/7e985868c8f2fc8c9b5e292d3d038423?s=96&d=mm&r=g\",\"caption\":\"admin\"},\"url\":\"https:\/\/www.interoleo.com\/en\/author\/admin\/\"}]}<\/script>\n<!-- \/ Yoast SEO plugin. -->","yoast_head_json":{"title":"Nadal, imagen internacional del aceite de oliva Inter\u00f3leo","description":"Nadal, imagen internacional del aceite de oliva, ado el inmenso grado de conocimiento mundial que tiene, abre puertas por s\u00ed solo a cualquier producto","robots":{"index":"index","follow":"follow","max-snippet":"max-snippet:-1","max-image-preview":"max-image-preview:large","max-video-preview":"max-video-preview:-1"},"canonical":"https:\/\/www.interoleo.com\/en\/nadal-imagen-internacional-del-aceite-oliva\/","og_locale":"en_US","og_type":"article","og_title":"Nadal, imagen internacional del aceite de oliva Inter\u00f3leo","og_description":"Nadal, imagen internacional del aceite de oliva, ado el inmenso grado de conocimiento mundial que tiene, abre puertas por s\u00ed solo a cualquier producto","og_url":"https:\/\/www.interoleo.com\/en\/nadal-imagen-internacional-del-aceite-oliva\/","og_site_name":"Grupo Inter\u00f3leo","article_published_time":"2016-08-01T11:07:54+00:00","article_modified_time":"2016-08-01T11:33:23+00:00","og_image":[{"url":"http:\/\/88.12.48.28\/webs\/interoleo\/web\/wp-content\/uploads\/2016\/08\/Nadal-Aceite-de-Oliva-300x155.jpg","type":"","width":"","height":""}],"author":"admin","twitter_card":"summary_large_image","twitter_misc":{"Written by":"admin","Est. reading time":"1 minute"},"schema":{"@context":"https:\/\/schema.org","@graph":[{"@type":"WebPage","@id":"https:\/\/www.interoleo.com\/en\/nadal-imagen-internacional-del-aceite-oliva\/","url":"https:\/\/www.interoleo.com\/en\/nadal-imagen-internacional-del-aceite-oliva\/","name":"Nadal, imagen internacional del aceite de oliva Inter\u00f3leo","isPartOf":{"@id":"https:\/\/www.interoleo.com\/en\/#website"},"primaryImageOfPage":{"@id":"https:\/\/www.interoleo.com\/en\/nadal-imagen-internacional-del-aceite-oliva\/#primaryimage"},"image":{"@id":"https:\/\/www.interoleo.com\/en\/nadal-imagen-internacional-del-aceite-oliva\/#primaryimage"},"thumbnailUrl":"http:\/\/88.12.48.28\/webs\/interoleo\/web\/wp-content\/uploads\/2016\/08\/Nadal-Aceite-de-Oliva-300x155.jpg","datePublished":"2016-08-01T11:07:54+00:00","dateModified":"2016-08-01T11:33:23+00:00","author":{"@id":"https:\/\/www.interoleo.com\/en\/#\/schema\/person\/f99693fc38ce605f463dc5d58909df2a"},"description":"Nadal, imagen internacional del aceite de oliva, ado el inmenso grado de conocimiento mundial que tiene, abre puertas por s\u00ed solo a cualquier producto","breadcrumb":{"@id":"https:\/\/www.interoleo.com\/en\/nadal-imagen-internacional-del-aceite-oliva\/#breadcrumb"},"inLanguage":"en-US","potentialAction":[{"@type":"ReadAction","target":["https:\/\/www.interoleo.com\/en\/nadal-imagen-internacional-del-aceite-oliva\/"]}]},{"@type":"ImageObject","inLanguage":"en-US","@id":"https:\/\/www.interoleo.com\/en\/nadal-imagen-internacional-del-aceite-oliva\/#primaryimage","url":"http:\/\/88.12.48.28\/webs\/interoleo\/web\/wp-content\/uploads\/2016\/08\/Nadal-Aceite-de-Oliva-300x155.jpg","contentUrl":"http:\/\/88.12.48.28\/webs\/interoleo\/web\/wp-content\/uploads\/2016\/08\/Nadal-Aceite-de-Oliva-300x155.jpg"},{"@type":"BreadcrumbList","@id":"https:\/\/www.interoleo.com\/en\/nadal-imagen-internacional-del-aceite-oliva\/#breadcrumb","itemListElement":[{"@type":"ListItem","position":1,"name":"Portada","item":"https:\/\/www.interoleo.com\/en\/"},{"@type":"ListItem","position":2,"name":"Nadal, imagen internacional del aceite de oliva"}]},{"@type":"WebSite","@id":"https:\/\/www.interoleo.com\/en\/#website","url":"https:\/\/www.interoleo.com\/en\/","name":"Grupo Inter\u00f3leo","description":"Grupo Inter\u00f3leo comercializador de aceite de oliva a granel","potentialAction":[{"@type":"SearchAction","target":{"@type":"EntryPoint","urlTemplate":"https:\/\/www.interoleo.com\/en\/?s={search_term_string}"},"query-input":{"@type":"PropertyValueSpecification","valueRequired":true,"valueName":"search_term_string"}}],"inLanguage":"en-US"},{"@type":"Person","@id":"https:\/\/www.interoleo.com\/en\/#\/schema\/person\/f99693fc38ce605f463dc5d58909df2a","name":"admin","image":{"@type":"ImageObject","inLanguage":"en-US","@id":"https:\/\/www.interoleo.com\/en\/#\/schema\/person\/image\/","url":"https:\/\/secure.gravatar.com\/avatar\/7e985868c8f2fc8c9b5e292d3d038423?s=96&d=mm&r=g","contentUrl":"https:\/\/secure.gravatar.com\/avatar\/7e985868c8f2fc8c9b5e292d3d038423?s=96&d=mm&r=g","caption":"admin"},"url":"https:\/\/www.interoleo.com\/en\/author\/admin\/"}]}},"jetpack_publicize_connections":[],"jetpack_featured_media_url":"","jetpack_shortlink":"https:\/\/wp.me\/p7R8ws-1l","jetpack_sharing_enabled":true,"_links":{"self":[{"href":"https:\/\/www.interoleo.com\/en\/wp-json\/wp\/v2\/posts\/83","targetHints":{"allow":["GET"]}}],"collection":[{"href":"https:\/\/www.interoleo.com\/en\/wp-json\/wp\/v2\/posts"}],"about":[{"href":"https:\/\/www.interoleo.com\/en\/wp-json\/wp\/v2\/types\/post"}],"author":[{"embeddable":true,"href":"https:\/\/www.interoleo.com\/en\/wp-json\/wp\/v2\/users\/1"}],"replies":[{"embeddable":true,"href":"https:\/\/www.interoleo.com\/en\/wp-json\/wp\/v2\/comments?post=83"}],"version-history":[{"count":2,"href":"https:\/\/www.interoleo.com\/en\/wp-json\/wp\/v2\/posts\/83\/revisions"}],"predecessor-version":[{"id":99,"href":"https:\/\/www.interoleo.com\/en\/wp-json\/wp\/v2\/posts\/83\/revisions\/99"}],"wp:attachment":[{"href":"https:\/\/www.interoleo.com\/en\/wp-json\/wp\/v2\/media?parent=83"}],"wp:term":[{"taxonomy":"category","embeddable":true,"href":"https:\/\/www.interoleo.com\/en\/wp-json\/wp\/v2\/categories?post=83"},{"taxonomy":"post_tag","embeddable":true,"href":"https:\/\/www.interoleo.com\/en\/wp-json\/wp\/v2\/tags?post=83"}],"curies":[{"name":"wp","href":"https:\/\/api.w.org\/{rel}","templated":true}]}}